{"id":99058,"date":"2026-04-30T16:11:03","date_gmt":"2026-04-30T14:11:03","guid":{"rendered":"https:\/\/www.brennerbasisdemokratie.eu\/?p=99058"},"modified":"2026-04-30T16:11:03","modified_gmt":"2026-04-30T14:11:03","slug":"alles-halb-so-schlimm","status":"publish","type":"post","link":"https:\/\/www.brennerbasisdemokratie.eu\/?p=99058","title":{"rendered":"Alles halb so schlimm?"},"content":{"rendered":"<!-- Snippets by WebberZone Snippetz --><div class=\"ata_snippets\"><hr style=\"height: 20px; border: none; margin-top: 0em; background-color: darkred;\"\/><\/div><p><strong>F\u00fcr die \u00bbitalienische\u00ab Politik ist der Skandal um gef\u00e4lschte Sprachzertifikate kein Skandal<\/strong><\/p>\n<p>Das verwundert keineswegs. Stellte doch das Landesgericht fest, dass es sich beim Dokumentenbetrug um keinen schweren Fall handelt. Das Gericht erkennt an, <a href=\"https:\/\/salto.bz\/it\/article\/21042026\/particolare-tenuita-del-fatto\">freute sich Fabio Gobbato auf <em>Salto<\/em><\/a><em>,<\/em> \u00bbdass in der spezifischen Situation die strafrechtliche Verfolgung unverh\u00e4ltnism\u00e4\u00dfig w\u00e4re.\u00ab<\/p>\n<p>Es ist das Eingest\u00e4ndnis, schreibt Gobbato freudig, dass das \u00bbProblem\u00ab nicht aus der Boshaftigkeit einer listigen Person entsteht, sondern aus einem strukturellen Druck, den das System erzeugt. Einen Druck, Gobbato verweist auf eine Aussage von Landesrat Christian Bianchi (<abbr title=\"Forza Italia\">FI<\/abbr>), der besonders im Gesundheitswesen vorherrsche \u2013 es fehle chronisch Personal und es gebe zu wenige Wettbewerbe. Motto: Warum sollen italienische \u00c4rzt:innen in der italienischen Provinz Bozen zweisprachig sein? Das klingt nach unertr\u00e4glicher Zumutung.<\/p>\n<p>Die \u00bbitalienische Politik\u00ab von rechts bis links \u2013 allen voran die rechten Landesr\u00e4te Marco Galateo (<abbr title=\"Fratelli d\u2019Italia\">FdI<\/abbr>) und Christian Bianchi \u2013 zeigt gro\u00dfes Verst\u00e4ndnis f\u00fcr die Dokumentenf\u00e4lschung und in dieser Einheitsfront engagiert sind auch die \u00bbitalienischen\u00ab Medien (teils im Besitz des Verlagshauses <em>Athesia),<\/em> die ebenso vehement die schwindelnden \u00c4rztinnen und \u00c4rzte verteidigen.<\/p>\n<p>Nicht der Rede wert also, alles halb so schlimm, die verniedlichende Beschreibung des Skandals, der kein Skandal zu sein scheint. Warum also ermitteln die zust\u00e4ndigen Beh\u00f6rden weiter? Betroffen von diesen Ermittlungen sind derzeit mehr als 40 Personen. <a href=\"https:\/\/suedtirol.orf.at\/stories\/3349864\/\">Der \u00bbSchwindel\u00ab scheint System zu sein.<\/a><\/p>\n<p>Der emp\u00f6rte Aufschrei \u00fcber diesen Skandal blieb aus, blieb eher lau, <em>\u00bbmenefreghistisch\u00ab.<\/em> <a href=\"https:\/\/www.rainews.it\/tgr\/tagesschau\/articoli\/2025\/09\/an-zweisprachigkeitspflicht-wird-nicht-geruttelt-9e3ceac6-5c91-46c5-8970-7079621dd1ea.html\">Landeshauptmann Arno Kompatscher (<abbr title=\"S\u00fcdtiroler Volkspartei\">SVP<\/abbr>)<\/a> bekannte sich zur Zweisprachigkeit im \u00f6ffentlichen Dienst. Das war es dann. Diese verbindliche Zweisprachigkeit im \u00f6ffentlichen Dienst sieht das Autonomiestatut vor, ein Verfassungsgesetz. Aber egal?<\/p>\n<p>Die Reaktion der SVP auf den Schwindel, der laut Gericht eh keiner ist: <a href=\"https:\/\/www.tageszeitung.it\/2026\/04\/17\/die-task-force-2\/\">Die Landesregierung richtet eine <em>\u00bbTask Force\u00ab<\/em> ein.<\/a> Wenn du nicht mehr weiter wei\u00dft, dann bilde einen Arbeitskreis. Simon kritisierte immer wieder unmissverst\u00e4ndlich, <a title=\"Sechserkommission will Proporz und Zweisprachigkeit aufweichen.\" href=\"https:\/\/www.brennerbasisdemokratie.eu\/?p=79093\">dass wesentliche Bestimmungen des Minderheitenschutzes, wie Proporz und Zweisprachigkeit, verw\u00e4ssert und aufgeweicht werden<\/a>. Besonders im Gesundheitswesen.<\/p>\n<p>Deutsch im Gesundheitswesen, und nicht nur dort, ist Amtssprache. Darauf haben B\u00fcrgerinnen und B\u00fcrger ein Anrecht. Aber diese verfassungsm\u00e4\u00dfig garantierte Amtssprache setzt sich offensichtlich nicht durch, beispielsweise bei Gericht. Knapp 20 Prozent der Verfahren, wenn \u00fcberhaupt, werden in der deutschen Gerichtssprache abgewickelt. Ein Grund daf\u00fcr, immer mehr <a href=\"https:\/\/www.rainews.it\/tgr\/tagesschau\/articoli\/2023\/05\/deutsch-ist-vor-gericht-eine-seltenheit-9a6ab9e8-5f90-404a-9147-c1430c3b28cd.html\">deutschsprachige S\u00fcdtiroler:innen verzichten auf deren Verwendung.<\/a><\/p>\n<p>Vehement vor dieser Entwicklung warnen die <em>Freiheitlichen<\/em> und die <em>S\u00fcd-Tiroler Freiheit.<\/em> Was verwundert, ist das Schweigen der <em>Gr\u00fcnen.<\/em> Gr\u00fcndervater Alexander Langer f\u00fchrte als Landtagsabgeordneter einen hartn\u00e4ckigen Kampf gegen den starren Proporz, verteidigte aber immer vehement die Zweisprachigkeit im \u00f6ffentlichen Dienst, wo auch immer.<\/p>\n<p>Die <em>Gr\u00fcnen<\/em> lobten das Autonomiestatut als die <em>Magna Charta S\u00fcdtirols,<\/em>&nbsp;als die Landesverfassung der autonomen Provinz. Und sie w\u00fcrdigten besonders auch die Verpflichtung zur Zweisprachigkeit der \u00f6ffentlichen Verwaltung. Dieses Loben und W\u00fcrdigen war wohl inhaltsleer. <a title=\"Eine Frage zum Skandal um gef\u00e4lschte Sprachzertifikate.\" href=\"https:\/\/www.brennerbasisdemokratie.eu\/?p=98911\">Das Schweigen ist fatal<\/a>, so <a title=\"Gef\u00e4lschte Sprachzertifikate: System der Entrechtung.\" href=\"https:\/\/www.brennerbasisdemokratie.eu\/?p=98968\">kommentierte Simon das Wegducken<\/a>.<\/p>\n<p>Ausgerechnet die erkl\u00e4rten interethnischen und mehrsprachigen <em>Gr\u00fcnen<\/em> kuschen. Und ausgerechnet die rechtsrechten italienischen Koalitionspartner der SVP \u2013 ohne Not in die Landesregierung gehievt \u2013 stellen verklausuliert Proporz und Zweisprachigkeit in Frage. Im Gegenzug gibt es ein bisschen mehr Autonomie. Und was bedeutet es, wenn immer mehr deutschsprachige S\u00fcdtiroler:innen auf das Recht verzichten, die deutsche Amtssprache zu verwenden und einzuforden?<\/p>\n<!-- Snippets by WebberZone Snippetz --><div class=\"ata_snippets\"><hr style=\"height: 10px;border: none;margin-top: 0px;background-color: darkred\" \/>\r\n\r\n<div style=\"background-color: none;padding: 0px;font-size: 14px;font-family: Helvetica,Arial;margin: 10px 0px 0px 0px\"><span style=\"color: darkred\"><strong><small>Autor:innen- und Gastbeitr\u00e4ge widerspiegeln nicht notwendigerweise die Meinung oder die Position von BBD, so wie die jeweiligen Verfasser:innen nicht notwendigerweise die Ziele von BBD unterst\u00fctzen.<\/small><\/strong><small>\u00b7 I contributi esterni non necessariamente riflettono le opinioni o la posizione di BBD, come a loro volta le autrici\/gli autori non necessariamente condividono gli obiettivi di BBD. \u2014 <a href=\"http:\/\/www.brennerbasisdemokratie.eu\/?page_id=11356#copyleft\"><strong>\u00a9<\/strong><\/a><\/small><\/span><\/div><\/div>","protected":false},"excerpt":{"rendered":"<p>F\u00fcr die \u00bbitalienische\u00ab Politik ist der Skandal um gef\u00e4lschte Sprachzertifikate kein Skandal Das verwundert keineswegs. Stellte doch das Landesgericht fest, dass es sich beim Dokumentenbetrug um keinen schweren Fall handelt. Das Gericht erkennt an, freute sich Fabio Gobbato auf Salto, \u00bbdass in der spezifischen Situation die strafrechtliche Verfolgung unverh\u00e4ltnism\u00e4\u00dfig w\u00e4re.\u00ab Es ist das Eingest\u00e4ndnis, schreibt [&hellip;]<\/p>","protected":false},"author":14,"featured_media":0,"comment_status":"open","ping_status":"open","sticky":false,"template":"","format":"standard","meta":{"_crdt_document":"","ngg_post_thumbnail":0,"_jetpack_memberships_contains_paid_content":false,"footnotes":""},"categories":[751],"tags":[],"class_list":["post-99058","post","type-post","status-publish","format-standard","hentry","category-autorinnen-neu","entity-fdi","entity-fi","entity-freiheitliche","entity-landesregierung","entity-sabes","entity-stf","entity-svp","entity-verc","issue-bilinguismo-negato","issue-italianizzazione","issue-medienkritik","language-deutsch","medium-athesia","medium-salto","person-alexander-langer","person-arno-kompatscher","person-fabio-gobbato","person-marco-galateo","topic-autonomie","topic-gesundheit","topic-justiz","topic-minorisaziun","topic-plurilinguism","topic-politik","topic-servicepublic"],"jetpack_featured_media_url":"","jetpack_sharing_enabled":true,"_links":{"self":[{"href":"https:\/\/www.brennerbasisdemokratie.eu\/index.php?rest_route=\/wp\/v2\/posts\/99058","targetHints":{"allow":["GET"]}}],"collection":[{"href":"https:\/\/www.brennerbasisdemokratie.eu\/index.php?rest_route=\/wp\/v2\/posts"}],"about":[{"href":"https:\/\/www.brennerbasisdemokratie.eu\/index.php?rest_route=\/wp\/v2\/types\/post"}],"author":[{"embeddable":true,"href":"https:\/\/www.brennerbasisdemokratie.eu\/index.php?rest_route=\/wp\/v2\/users\/14"}],"replies":[{"embeddable":true,"href":"https:\/\/www.brennerbasisdemokratie.eu\/index.php?rest_route=%2Fwp%2Fv2%2Fcomments&post=99058"}],"version-history":[{"count":5,"href":"https:\/\/www.brennerbasisdemokratie.eu\/index.php?rest_route=\/wp\/v2\/posts\/99058\/revisions"}],"predecessor-version":[{"id":99063,"href":"https:\/\/www.brennerbasisdemokratie.eu\/index.php?rest_route=\/wp\/v2\/posts\/99058\/revisions\/99063"}],"wp:attachment":[{"href":"https:\/\/www.brennerbasisdemokratie.eu\/index.php?rest_route=%2Fwp%2Fv2%2Fmedia&parent=99058"}],"wp:term":[{"taxonomy":"category","embeddable":true,"href":"https:\/\/www.brennerbasisdemokratie.eu\/index.php?rest_route=%2Fwp%2Fv2%2Fcategories&post=99058"},{"taxonomy":"post_tag","embeddable":true,"href":"https:\/\/www.brennerbasisdemokratie.eu\/index.php?rest_route=%2Fwp%2Fv2%2Ftags&post=99058"}],"curies":[{"name":"wp","href":"https:\/\/api.w.org\/{rel}","templated":true}]}}