{"id":99072,"date":"2026-04-29T20:20:28","date_gmt":"2026-04-29T18:20:28","guid":{"rendered":"https:\/\/www.brennerbasisdemokratie.eu\/?p=99072"},"modified":"2026-04-29T21:17:23","modified_gmt":"2026-04-29T19:17:23","slug":"autobahn-gesperrt","status":"publish","type":"post","link":"https:\/\/www.brennerbasisdemokratie.eu\/?p=99072","title":{"rendered":"Autobahn gesperrt!"},"content":{"rendered":"<!-- Snippets by WebberZone Snippetz --><div class=\"ata_snippets\"><hr style=\"height: 20px; border: none; margin-top: 0em; background-color: darkred;\"\/><\/div><p>Jetzt ist also eingetreten, was viele Anwohner sich gew\u00fcnscht und viele Durchfahrende gef\u00fcrchtet haben: Die A13, die Brennerautobahn zwischen Innsbruck und dem Brenner, darf am 30. Mai 2026 f\u00fcr eine Demonstration gegen den \u00fcberbordenden Autoverkehr komplett gesperrt werden.<\/p>\n<blockquote><p><img loading=\"lazy\" decoding=\"async\" class=\"size-full wp-image-99075 aligncenter\" src=\"https:\/\/www.brennerbasisdemokratie.eu\/wp-content\/uploads\/2026\/04\/brennerautobahn-strassberg.jpg\" alt=\"\" width=\"950\" height=\"534\" srcset=\"https:\/\/www.brennerbasisdemokratie.eu\/wp-content\/uploads\/2026\/04\/brennerautobahn-strassberg.jpg 950w, https:\/\/www.brennerbasisdemokratie.eu\/wp-content\/uploads\/2026\/04\/brennerautobahn-strassberg-768x432.jpg 768w\" sizes=\"auto, (max-width: 950px) 100vw, 950px\" \/><\/p><\/blockquote>\n<p><span style=\"color: #808080;\"><em><small>Foto: Sigmund Kripp<\/small><\/em><\/span><\/p>\n<p>Die Bezirkshauptmannschaft Innsbruck, unter der Leitung von Bezirkshauptfrau Dr. Kathrin Eberle, hat dazu die Genehmigung ausgestellt.<\/p>\n<p>Und wenige Stunden nach diesem Entscheid heult die sogenannte \u00bbWirtschaft\u00ab schon auf! \u00bbSo etwas k\u00f6nnen nur die Linken und Gr\u00fcnen machen, die von der Wirtschaft nichts verstehen!\u00ab, t\u00f6nt es aus den Foren. Dabei ist Dr. Eberle die Tochter vom ehemaligen Landeshauptmannstellvertreter Ferdinand Eberle, der auch der <abbr title=\"\u00d6sterreichische Volkspartei\">\u00d6VP<\/abbr> angeh\u00f6rt hat. Sie ist also nicht unbedingt im linksgr\u00fcnversifften Klima sozialisiert worden.<\/p>\n<p>Es stellen sich in diesem Zusammenhang aber unangenehme Fragen:<\/p>\n<ul>\n<li>Wo war die Wirtschaft in den letzten 2-3 Jahrzehnten, als es um den Ausbau der Bahn \u00fcber den Brenner ging?<\/li>\n<li>Wo war die Wirtschaft, als es um die Vereinfachungen in der Bahnb\u00fcrokratie ging, Stichworte Lokf\u00fchrerschein, technische Angleichungen etc.?<\/li>\n<li>Wo war die Wirtschaft, als die Anrainer der Brennerstrecke berechtigte Forderungen nach dem Erhalt einer minimalen Lebensqualit\u00e4t stellten?<\/li>\n<li>Wo war die Wirtschaft, als es darum ging, den Warentransport verst\u00e4rkt auf die Bahn zu bringen, vor allem die nicht verderblichen Waren?<\/li>\n<li>Wo war die Wirtschaft, als es darum ging, die Kostenwahrheit auf der Stra\u00dfe einzuf\u00fchren, die Preise f\u00fcr Autobahn und Sprit zu erh\u00f6hen, um damit unsinnige Fahrten zu reduzieren?<\/li>\n<li>Wo war die Wirtschaft, als es darum ging, den Umwegverkehr der Lkws endlich zu beenden und sie durch die Schweiz zu schicken, statt \u00fcber den viel zu billigen Brenner?<\/li>\n<li>Wo war die Wirtschaft, als es darum ging, f\u00fcr unsere G\u00e4ste g\u00fcnstige und bequeme Zugverbindungen zwischen Deutschland, \u00d6sterreich und Italien einzuf\u00fchren?<\/li>\n<li>Wo war der Aufschrei der Wirtschaft, als beschlossen wurde, den <em>Railjet<\/em> von Bozen nach Wien einzustellen?<\/li>\n<li>Wo war die Wirtschaft, als es darum ging, die Bahnh\u00f6fe zwischen Brenner und Salurn benutzerfreundlicher zu machen?<\/li>\n<li>Wo war die Wirtschaft, als es darum ging, die Bahnstrecke Bozen\u2013Meran endlich zuverl\u00e4ssiger zu machen?<\/li>\n<\/ul>\n<p>Die Wipptaler Bev\u00f6lkerung zeigt uns, dass es nur mehr durch absolute Notwehrma\u00dfnahmen m\u00f6glich ist, auf das gro\u00dfe Problem des unertr\u00e4glichen Autoverkehrs entlang der Brennerachse aufmerksam zu machen. Und sie wei\u00df in gro\u00dfen Teilen die Nordtiroler Landesregierung bzw. in diesem Falle die Bezirkshauptmannschaft hinter sich!&nbsp;<\/p>\n<p>Das ist in S\u00fcdtirol anders: Hier agieren Landesregierung und Wirtschaft, vertreten durch die Handelskammerspitze, fast nur im Sinne des Lkw-Verkehrs. Die Ma\u00dfnahmen zum Schutz der Anwohner beschr\u00e4nken sich auf Schallschutzw\u00e4nde entlang der Autobahn und die Umleitung der Autobahngelder in den BBT. Dieser wiederum entsteht in irgendeiner Zukunft und wird maximal den in den letzten 20 Jahren erfolgten Zuwachs an Lkws aufnehmen, nicht aber den Autoverkehr an sich gro\u00df mindern.<\/p>\n<p>Die <abbr title=\"S\u00fcdtiroler Volkspartei\">SVP<\/abbr> regiert in Bozen mit jenen Parteien, die in Br\u00fcssel gegen die verkehrsbeschr\u00e4nkenden Ma\u00dfnahmen \u00d6sterreichs klagen, und in Rom sieht sie tatenlos zu, wie die Autobahnmaut auf der A22 immer noch bei 20 Cent\/Lkw-km liegt, statt wie in Nordtirol bei bis zu 80 Cent!<\/p>\n<p>Insofern bin ich froh, dass die Wipptaler Menschen diese Aktion am 30. Mai starten, auch wenn ich selbst Produzent von Waren bin, die zum Endverbraucher transportiert werden m\u00fcssen. Aber wir m\u00fcssen endlich zu einer Reduzierung des Autoverkehrs kommen; und daf\u00fcr helfen manchmal nur solche radikalen Aktionen. Bravo Nordtirol!<\/p>\n<!-- Snippets by WebberZone Snippetz --><div class=\"ata_snippets\"><hr style=\"height: 10px;border: none;margin-top: 0px;background-color: darkred\" \/>\r\n\r\n<div style=\"background-color: none;padding: 0px;font-size: 14px;font-family: Helvetica,Arial;margin: 10px 0px 0px 0px\"><span style=\"color: darkred\"><strong><small>Autor:innen- und Gastbeitr\u00e4ge widerspiegeln nicht notwendigerweise die Meinung oder die Position von BBD, so wie die jeweiligen Verfasser:innen nicht notwendigerweise die Ziele von BBD unterst\u00fctzen.<\/small><\/strong><small>\u00b7 I contributi esterni non necessariamente riflettono le opinioni o la posizione di BBD, come a loro volta le autrici\/gli autori non necessariamente condividono gli obiettivi di BBD. \u2014 <a href=\"http:\/\/www.brennerbasisdemokratie.eu\/?page_id=11356#copyleft\"><strong>\u00a9<\/strong><\/a><\/small><\/span><\/div><\/div>","protected":false},"excerpt":{"rendered":"<p>Jetzt ist also eingetreten, was viele Anwohner sich gew\u00fcnscht und viele Durchfahrende gef\u00fcrchtet haben: Die A13, die Brennerautobahn zwischen Innsbruck und dem Brenner, darf am 30. Mai 2026 f\u00fcr eine Demonstration gegen den \u00fcberbordenden Autoverkehr komplett gesperrt werden. Foto: Sigmund Kripp Die Bezirkshauptmannschaft Innsbruck, unter der Leitung von Bezirkshauptfrau Dr. Kathrin Eberle, hat dazu die [&hellip;]<\/p>","protected":false},"author":16,"featured_media":0,"comment_status":"open","ping_status":"open","sticky":false,"template":"","format":"standard","meta":{"_crdt_document":"","ngg_post_thumbnail":0,"_jetpack_memberships_contains_paid_content":false,"footnotes":""},"categories":[751],"tags":[],"class_list":["post-99072","post","type-post","status-publish","format-standard","hentry","category-autorinnen-neu","entity-handelskammer","entity-landesregierung","entity-ovp","entity-svp","location-italy","location-nord-osttirol","location-osterreich","location-sudtirolo","location-svizra","language-deutsch","topic-ecologia","topic-engagement","topic-gesundheit","topic-mobilitaet","topic-ov","topic-politik","topic-termin","topic-tourismus","topic-ungehorsam","topic-wirtschaft"],"jetpack_featured_media_url":"","jetpack_sharing_enabled":true,"_links":{"self":[{"href":"https:\/\/www.brennerbasisdemokratie.eu\/index.php?rest_route=\/wp\/v2\/posts\/99072","targetHints":{"allow":["GET"]}}],"collection":[{"href":"https:\/\/www.brennerbasisdemokratie.eu\/index.php?rest_route=\/wp\/v2\/posts"}],"about":[{"href":"https:\/\/www.brennerbasisdemokratie.eu\/index.php?rest_route=\/wp\/v2\/types\/post"}],"author":[{"embeddable":true,"href":"https:\/\/www.brennerbasisdemokratie.eu\/index.php?rest_route=\/wp\/v2\/users\/16"}],"replies":[{"embeddable":true,"href":"https:\/\/www.brennerbasisdemokratie.eu\/index.php?rest_route=%2Fwp%2Fv2%2Fcomments&post=99072"}],"version-history":[{"count":3,"href":"https:\/\/www.brennerbasisdemokratie.eu\/index.php?rest_route=\/wp\/v2\/posts\/99072\/revisions"}],"predecessor-version":[{"id":99076,"href":"https:\/\/www.brennerbasisdemokratie.eu\/index.php?rest_route=\/wp\/v2\/posts\/99072\/revisions\/99076"}],"wp:attachment":[{"href":"https:\/\/www.brennerbasisdemokratie.eu\/index.php?rest_route=%2Fwp%2Fv2%2Fmedia&parent=99072"}],"wp:term":[{"taxonomy":"category","embeddable":true,"href":"https:\/\/www.brennerbasisdemokratie.eu\/index.php?rest_route=%2Fwp%2Fv2%2Fcategories&post=99072"},{"taxonomy":"post_tag","embeddable":true,"href":"https:\/\/www.brennerbasisdemokratie.eu\/index.php?rest_route=%2Fwp%2Fv2%2Ftags&post=99072"}],"curies":[{"name":"wp","href":"https:\/\/api.w.org\/{rel}","templated":true}]}}