{"id":99095,"date":"2026-05-01T13:28:21","date_gmt":"2026-05-01T11:28:21","guid":{"rendered":"https:\/\/www.brennerbasisdemokratie.eu\/?p=99095"},"modified":"2026-05-01T22:01:39","modified_gmt":"2026-05-01T20:01:39","slug":"auch-fur-heli-landeplatze-ist-sudtirol-nicht-zustandig","status":"publish","type":"post","link":"https:\/\/www.brennerbasisdemokratie.eu\/?p=99095","title":{"rendered":"Auch f\u00fcr Heli-Landepl\u00e4tze ist S\u00fcdtirol nicht zust\u00e4ndig."},"content":{"rendered":"<p>In Lengstein am Ritten wurde k\u00fcrzlich von der italienischen Luftfahrtbeh\u00f6rde ENAC die Errichtung eines Hubschrauberlandeplatzes genehmigt, der auch touristischen Zwecken dienen wird. Die Gemeindeverwaltung hatte zun\u00e4chst versucht, die Genehmigung zu verhindern, unter anderem, indem sie ihre Zustimmung aus L\u00e4rmschutzgr\u00fcnden versagte. Dagegen klagte die beantragende Firma <em>Heli-Union<\/em> erfolgreich vor dem Verwaltungsgericht.<\/p>\n<p>Zudem hatte sich die Gemeinde direkt an ENAC gewandt, um eine Ablehnung aus \u00f6kologischen und raumordnerischen Gr\u00fcnden zu erwirken.<\/p>\n<p>Sowohl die Gemeinden als auch das Land S\u00fcdtirol verf\u00fcgen bei der Planung und Errichtung von Helikopterlandepl\u00e4tzen \u00fcber kaum nennenswerte Mitspracherechte. Dem Schutz von Umwelt und Bev\u00f6lkerung vor unn\u00f6tigen Emissionen und L\u00e4rm sind damit \u00e4u\u00dferst enge Grenzen gesetzt. Ein Gestaltungsspielraum, der diesen Namen verdient, existiert nicht. Letztendlich entscheidet \u00fcber die Genehmigung solcher Anlagen in S\u00fcdtirol eine zentralstaatliche Beh\u00f6rde.<\/p>\n<p>Nun haben die <em>Gr\u00fcnen<\/em> im Landtag \u2014 <a title=\"Gr\u00fcne f\u00fcr mehr Zentralismus.\" href=\"https:\/\/www.brennerbasisdemokratie.eu\/?p=91221\">\u00fcberraschend<\/a> \u2014 einen Begehrensantrag (Nr. <a title=\"Begehrensantrag Nr. 55\/26.\" href=\"https:\/\/www.landtag-bz.org\/de\/politische-akte\/794501\" target=\"_blank\" rel=\"noopener\">55\/26<\/a>) eingebracht, mit dem das Parlament und die Regierung in Rom dazu aufgefordert werden sollen, die Zust\u00e4ndigkeit in den Kompetenzbereich des Landes zu \u00fcbertragen \u2014 oder wenigstens eine verbindliche Mitsprache des Landes bei der Ausweisung neuer Landepl\u00e4tze sicherzustellen. Zwar ist zu hoffen, dass diesbez\u00fcglich etwas geschieht, doch solche Antr\u00e4ge sind nat\u00fcrlich immer auch ein wenig wie die W\u00fcnsche an das Christkind. Ich wei\u00df ehrlich gesagt nicht, ob jemals ein Begehrensantrag zu einem konkreten Ergebnis gef\u00fchrt hat, wiewohl sie als Willensbekundung zweifellos ihre Bedeutung haben.<\/p>\n<p>Zielf\u00fchrender w\u00e4re es vermutlich, die Zw\u00f6lferkommission mit der Angelegenheit zu befassen, doch das wiederum liegt nicht im unmittelbaren Einflussbereich der <em>Gr\u00fcnen.<\/em><\/p>\n<p>Ein staatliche unabh\u00e4ngiges S\u00fcdtirol oder eines mit einer richtigen Autonomie k\u00f6nnte hingegen selbst dar\u00fcber entscheiden, wo auf seinem Gebiet Hubschrauber landen und <a title=\"Bushaltestelle ist r\u00f6mische Kompetenz.\" href=\"https:\/\/www.brennerbasisdemokratie.eu\/?p=54042\">Fernbusse halten<\/a> d\u00fcrfen.<\/p>\n<p><strong><span style=\"font-family: Helvetica, Arial, sans-serif; text-transform: uppercase;\">C\u00ebla enghe:<\/span><\/strong> <a title=\"Immer an der Grenze der Autonomie.\" href=\"https:\/\/www.brennerbasisdemokratie.eu\/?p=43094\"><code>01<\/code><\/a> <a title=\"S\u00fcdtirol, nicht so gro\u00dfe Rechte.\" href=\"https:\/\/www.brennerbasisdemokratie.eu\/?p=53940\"><code>02<\/code><\/a> <a title=\"Der Regional Authority Index.\" href=\"https:\/\/www.brennerbasisdemokratie.eu\/?p=37233\"><code>03<\/code><\/a> <a title=\"Von Wohlgemuth: \u203aFehlt es uns wirklich an Autonomie?\u2039\" href=\"https:\/\/www.brennerbasisdemokratie.eu\/?p=82463\"><code>04<\/code><\/a><\/p>","protected":false},"excerpt":{"rendered":"<p>In Lengstein am Ritten wurde k\u00fcrzlich von der italienischen Luftfahrtbeh\u00f6rde ENAC die Errichtung eines Hubschrauberlandeplatzes genehmigt, der auch touristischen Zwecken dienen wird. Die Gemeindeverwaltung hatte zun\u00e4chst versucht, die Genehmigung zu verhindern, unter anderem, indem sie ihre Zustimmung aus L\u00e4rmschutzgr\u00fcnden versagte. Dagegen klagte die beantragende Firma Heli-Union erfolgreich vor dem Verwaltungsgericht. Zudem hatte sich die Gemeinde [&hellip;]<\/p>","protected":false},"author":1,"featured_media":0,"comment_status":"open","ping_status":"open","sticky":false,"template":"","format":"standard","meta":{"_crdt_document":"","ngg_post_thumbnail":0,"_jetpack_memberships_contains_paid_content":false,"footnotes":""},"categories":[1],"tags":[],"class_list":["post-99095","post","type-post","status-publish","format-standard","hentry","category-allgemein","entity-land-sudtirol","entity-sechser-zwolferkommission","entity-staat-italien","entity-sudtiroler-landtag","entity-verc","location-italy","location-sudtirolo","language-deutsch","topic-ecologia","topic-gesundheit","topic-mobilitaet","topic-politik","topic-staatland","topic-vorzeigeautonomie","topic-zentralismus","topic-zustaendigkeiten"],"jetpack_featured_media_url":"","jetpack_sharing_enabled":true,"_links":{"self":[{"href":"https:\/\/www.brennerbasisdemokratie.eu\/index.php?rest_route=\/wp\/v2\/posts\/99095","targetHints":{"allow":["GET"]}}],"collection":[{"href":"https:\/\/www.brennerbasisdemokratie.eu\/index.php?rest_route=\/wp\/v2\/posts"}],"about":[{"href":"https:\/\/www.brennerbasisdemokratie.eu\/index.php?rest_route=\/wp\/v2\/types\/post"}],"author":[{"embeddable":true,"href":"https:\/\/www.brennerbasisdemokratie.eu\/index.php?rest_route=\/wp\/v2\/users\/1"}],"replies":[{"embeddable":true,"href":"https:\/\/www.brennerbasisdemokratie.eu\/index.php?rest_route=%2Fwp%2Fv2%2Fcomments&post=99095"}],"version-history":[{"count":6,"href":"https:\/\/www.brennerbasisdemokratie.eu\/index.php?rest_route=\/wp\/v2\/posts\/99095\/revisions"}],"predecessor-version":[{"id":99107,"href":"https:\/\/www.brennerbasisdemokratie.eu\/index.php?rest_route=\/wp\/v2\/posts\/99095\/revisions\/99107"}],"wp:attachment":[{"href":"https:\/\/www.brennerbasisdemokratie.eu\/index.php?rest_route=%2Fwp%2Fv2%2Fmedia&parent=99095"}],"wp:term":[{"taxonomy":"category","embeddable":true,"href":"https:\/\/www.brennerbasisdemokratie.eu\/index.php?rest_route=%2Fwp%2Fv2%2Fcategories&post=99095"},{"taxonomy":"post_tag","embeddable":true,"href":"https:\/\/www.brennerbasisdemokratie.eu\/index.php?rest_route=%2Fwp%2Fv2%2Ftags&post=99095"}],"curies":[{"name":"wp","href":"https:\/\/api.w.org\/{rel}","templated":true}]}}